{"id":934,"date":"2024-10-05T16:32:37","date_gmt":"2024-10-05T16:32:37","guid":{"rendered":"https:\/\/www.sbw.org.pl\/?p=934"},"modified":"2024-11-18T07:02:44","modified_gmt":"2024-11-18T07:02:44","slug":"35-lecie-lubuskiej-izby-rzemieslniczej","status":"publish","type":"post","link":"https:\/\/www.sbw.org.pl\/?p=934","title":{"rendered":"35 lecie Lubuskiej Izby Rzemie\u015blniczej"},"content":{"rendered":"[et_pb_section fb_built=&#8221;1&#8243; _builder_version=&#8221;4.17.0&#8243; _module_preset=&#8221;default&#8221; global_colors_info=&#8221;{}&#8221; theme_builder_area=&#8221;post_content&#8221;][et_pb_row _builder_version=&#8221;4.17.0&#8243; _module_preset=&#8221;default&#8221; global_colors_info=&#8221;{}&#8221; theme_builder_area=&#8221;post_content&#8221;][et_pb_column type=&#8221;4_4&#8243; _builder_version=&#8221;4.17.0&#8243; _module_preset=&#8221;default&#8221; global_colors_info=&#8221;{}&#8221; theme_builder_area=&#8221;post_content&#8221;][et_pb_text _builder_version=&#8221;4.27.0&#8243; _module_preset=&#8221;default&#8221; hover_enabled=&#8221;0&#8243; global_colors_info=&#8221;{}&#8221; theme_builder_area=&#8221;post_content&#8221; sticky_enabled=&#8221;0&#8243;]<p>Lubuska Izba Rzemie\u015blnicza 05.10.2024 obchodzi swoje 35-lecie! To wyj\u0105tkowy moment, aby doceni\u0107 dotychczasowe jej osi\u0105gni\u0119cia i z nadziej\u0105 patrze\u0107 w przysz\u0142o\u015b\u0107.<\/p>\n<p>Izba nieustannie wspiera rzemie\u015blnik\u00f3w i promuje etos pracy. Wsp\u00f3\u0142pracuje z lokalnymi szko\u0142ami zawodowymi, aby kszta\u0142ci\u0107 m\u0142ode pokolenia i przekazywa\u0107 im warto\u015bci oraz umiej\u0119tno\u015bci, kt\u00f3re s\u0105 fundamentem naszej bran\u017cy.<\/p>\n<p>Na uroczysto\u015bci by\u0142o wielu znakomitych go\u015bci, w tym przedstawicieli w\u0142adz lokalnych, pos\u0142\u00f3w oraz lider\u00f3w bran\u017cy rzemie\u015blniczej. Ich obecno\u015b\u0107 i wsparcie by\u0142y dla nas wszystkich niezwykle cenne.<\/p>\n<p>W czasie trwania gali, oficjalna deklaracja Pani Krystyna Sibi\u0144ska &#8211; Pose\u0142 na Sejm RP powo\u0142ania Parlamentarnego Zespo\u0142u ds. Rzemios\u0142a daje nam nadziej\u0119 na lepsz\u0105 przysz\u0142o\u015b\u0107 dla kolejnych, m\u0142odych pokole\u0144 rzemie\u015blnik\u00f3w.<\/p>\n<p>Jako Stowarzyszenie Bran\u017cy Wyko\u0144czeniowej, mieli\u015bmy zaszczyt aktywnie uczestniczy\u0107 w tych obchodach. Nasze zaanga\u017cowanie i wsp\u00f3\u0142praca z Izb\u0105 s\u0105 kluczowe dla wsp\u00f3lnego sukcesu i dalszego rozwoju.<\/p>\n<p>Razem mo\u017cemy osi\u0105gn\u0105\u0107 jeszcze wi\u0119cej! \ud83d\udcaa<\/p>\n<p>Razem Tworzymy Rzemios\u0142o! \ud83d\udcaa<\/p>[\/et_pb_text][\/et_pb_column][\/et_pb_row][\/et_pb_section]","protected":false},"excerpt":{"rendered":"<p>Lubuska Izba Rzemie\u015blnicza 05.10.2024 obchodzi swoje 35-lecie! To wyj\u0105tkowy moment, aby doceni\u0107 dotychczasowe jej osi\u0105gni\u0119cia i z nadziej\u0105 patrze\u0107 w przysz\u0142o\u015b\u0107. Izba nieustannie wspiera rzemie\u015blnik\u00f3w i promuje etos pracy. Wsp\u00f3\u0142pracuje z lokalnymi szko\u0142ami zawodowymi, aby kszta\u0142ci\u0107 m\u0142ode pokolenia i przekazywa\u0107 im warto\u015bci oraz umiej\u0119tno\u015bci, kt\u00f3re s\u0105 fundamentem naszej bran\u017cy. Na uroczysto\u015bci by\u0142o wielu znakomitych go\u015bci, [&hellip;]<\/p>\n","protected":false},"author":2,"featured_media":935,"comment_status":"closed","ping_status":"open","sticky":false,"template":"","format":"standard","meta":{"_et_pb_use_builder":"on","_et_pb_old_content":"","_et_gb_content_width":"1080","footnotes":""},"categories":[14],"tags":[],"class_list":["post-934","post","type-post","status-publish","format-standard","has-post-thumbnail","hentry","category-aktualnosci"],"_links":{"self":[{"href":"https:\/\/www.sbw.org.pl\/index.php?rest_route=\/wp\/v2\/posts\/934","targetHints":{"allow":["GET"]}}],"collection":[{"href":"https:\/\/www.sbw.org.pl\/index.php?rest_route=\/wp\/v2\/posts"}],"about":[{"href":"https:\/\/www.sbw.org.pl\/index.php?rest_route=\/wp\/v2\/types\/post"}],"author":[{"embeddable":true,"href":"https:\/\/www.sbw.org.pl\/index.php?rest_route=\/wp\/v2\/users\/2"}],"replies":[{"embeddable":true,"href":"https:\/\/www.sbw.org.pl\/index.php?rest_route=%2Fwp%2Fv2%2Fcomments&post=934"}],"version-history":[{"count":3,"href":"https:\/\/www.sbw.org.pl\/index.php?rest_route=\/wp\/v2\/posts\/934\/revisions"}],"predecessor-version":[{"id":938,"href":"https:\/\/www.sbw.org.pl\/index.php?rest_route=\/wp\/v2\/posts\/934\/revisions\/938"}],"wp:featuredmedia":[{"embeddable":true,"href":"https:\/\/www.sbw.org.pl\/index.php?rest_route=\/wp\/v2\/media\/935"}],"wp:attachment":[{"href":"https:\/\/www.sbw.org.pl\/index.php?rest_route=%2Fwp%2Fv2%2Fmedia&parent=934"}],"wp:term":[{"taxonomy":"category","embeddable":true,"href":"https:\/\/www.sbw.org.pl\/index.php?rest_route=%2Fwp%2Fv2%2Fcategories&post=934"},{"taxonomy":"post_tag","embeddable":true,"href":"https:\/\/www.sbw.org.pl\/index.php?rest_route=%2Fwp%2Fv2%2Ftags&post=934"}],"curies":[{"name":"wp","href":"https:\/\/api.w.org\/{rel}","templated":true}]}}