{"id":916,"date":"2024-08-23T15:59:00","date_gmt":"2024-08-23T15:59:00","guid":{"rendered":"https:\/\/www.sbw.org.pl\/?p=916"},"modified":"2024-10-13T16:00:55","modified_gmt":"2024-10-13T16:00:55","slug":"kwalifikacje-zawodowe","status":"publish","type":"post","link":"https:\/\/www.sbw.org.pl\/?p=916","title":{"rendered":"Kwalifikacje Zawodowe"},"content":{"rendered":"[et_pb_section fb_built=&#8221;1&#8243; _builder_version=&#8221;4.17.0&#8243; _module_preset=&#8221;default&#8221; global_colors_info=&#8221;{}&#8221; theme_builder_area=&#8221;post_content&#8221;][et_pb_row _builder_version=&#8221;4.17.0&#8243; _module_preset=&#8221;default&#8221; global_colors_info=&#8221;{}&#8221; theme_builder_area=&#8221;post_content&#8221;][et_pb_column type=&#8221;4_4&#8243; _builder_version=&#8221;4.17.0&#8243; _module_preset=&#8221;default&#8221; global_colors_info=&#8221;{}&#8221; theme_builder_area=&#8221;post_content&#8221;][et_pb_text _builder_version=&#8221;4.27.0&#8243; _module_preset=&#8221;default&#8221; hover_enabled=&#8221;0&#8243; global_colors_info=&#8221;{}&#8221; theme_builder_area=&#8221;post_content&#8221; sticky_enabled=&#8221;0&#8243;]<p>Chcieliby\u015bmy podsumowa\u0107 to wydarzenie w kilku s\u0142owach, jednak jest to trudne, wr\u0119cz niemo\u017cliwe. \ud83d\ude42<\/p>\n<p>Zacz\u0105\u0107 nale\u017cy od podzi\u0119kowa\u0144 wszystkim uczestnikom szkolenia kt\u00f3rzy podj\u0119li wyzwanie zdobycia kwalifikacji zawodowych, znaj\u0105 ich warto\u015b\u0107, dbaj\u0105 o rozw\u00f3j zawodowy i maj\u0105 okre\u015blon\u0105 ju\u017c \u015bcie\u017ck\u0119 kariery w tym jak\u017ce ciekawym zawodzie \ud83d\udc77<\/p>\n<p>Dzi\u0119kujemy \u017ce byli\u015bcie, \u017ce podj\u0119li\u015bcie to wyzwanie \ud83d\udc99<\/p>\n<p>Przypomnie\u0107 nale\u017cy w tym miejscu \u017ce kurs prowadzony przez SBW by\u0142 jedynie czasem w kt\u00f3rym przypomnieli\u015bmy uczestnikom wszystkie najwa\u017cniejsze teoretyczne aspekty pracy glazurnika. To nie by\u0142 kurs ucz\u0105cy zawodu a przygotowuj\u0105cy do egzaminu kwalifikacyjnego \ud83d\udc69\u200d\ud83c\udf93\ud83e\uddd1\u200d\ud83c\udf93\ud83e\uddd1\u200d\ud83d\udcbc<\/p>\n<p>Przez cztery dni wykonawcy pokazali, podczas wykonywanych zada\u0144 praktycznych, sw\u00f3j kunszt glazurniczy. Zaliczaj\u0105c tym sposobem egzamin praktyczny, by w pi\u0105ty dzie\u0144 podej\u015b\u0107 do\u00a0 egzaminu sprawdzaj\u0105cego teoretycznego. \ud83d\ude42<\/p>\n<p>Nie ka\u017cdy z nich mia\u0142 to szcz\u0119\u015bcie by zaliczy\u0107 komplet egzamin\u00f3w i uzyska\u0107 kwalifikacje w zawodzie glazurnik, jednak mamy ogromn\u0105 nadziej\u0119 i trzymamy kciuki \u017ce egzamin poprawkowy b\u0119dzie jedynie formalno\u015bci\u0105 z ich strony.<\/p>[\/et_pb_text][\/et_pb_column][\/et_pb_row][\/et_pb_section]","protected":false},"excerpt":{"rendered":"<p>Chcieliby\u015bmy podsumowa\u0107 to wydarzenie w kilku s\u0142owach, jednak jest to trudne, wr\u0119cz niemo\u017cliwe. \ud83d\ude42 Zacz\u0105\u0107 nale\u017cy od podzi\u0119kowa\u0144 wszystkim uczestnikom szkolenia kt\u00f3rzy podj\u0119li wyzwanie zdobycia kwalifikacji zawodowych, znaj\u0105 ich warto\u015b\u0107, dbaj\u0105 o rozw\u00f3j zawodowy i maj\u0105 okre\u015blon\u0105 ju\u017c \u015bcie\u017ck\u0119 kariery w tym jak\u017ce ciekawym zawodzie \ud83d\udc77 Dzi\u0119kujemy \u017ce byli\u015bcie, \u017ce podj\u0119li\u015bcie to wyzwanie \ud83d\udc99 Przypomnie\u0107 [&hellip;]<\/p>\n","protected":false},"author":2,"featured_media":917,"comment_status":"closed","ping_status":"open","sticky":false,"template":"","format":"standard","meta":{"_et_pb_use_builder":"on","_et_pb_old_content":"","_et_gb_content_width":"1080","footnotes":""},"categories":[14],"tags":[],"class_list":["post-916","post","type-post","status-publish","format-standard","has-post-thumbnail","hentry","category-aktualnosci"],"_links":{"self":[{"href":"https:\/\/www.sbw.org.pl\/index.php?rest_route=\/wp\/v2\/posts\/916","targetHints":{"allow":["GET"]}}],"collection":[{"href":"https:\/\/www.sbw.org.pl\/index.php?rest_route=\/wp\/v2\/posts"}],"about":[{"href":"https:\/\/www.sbw.org.pl\/index.php?rest_route=\/wp\/v2\/types\/post"}],"author":[{"embeddable":true,"href":"https:\/\/www.sbw.org.pl\/index.php?rest_route=\/wp\/v2\/users\/2"}],"replies":[{"embeddable":true,"href":"https:\/\/www.sbw.org.pl\/index.php?rest_route=%2Fwp%2Fv2%2Fcomments&post=916"}],"version-history":[{"count":3,"href":"https:\/\/www.sbw.org.pl\/index.php?rest_route=\/wp\/v2\/posts\/916\/revisions"}],"predecessor-version":[{"id":921,"href":"https:\/\/www.sbw.org.pl\/index.php?rest_route=\/wp\/v2\/posts\/916\/revisions\/921"}],"wp:featuredmedia":[{"embeddable":true,"href":"https:\/\/www.sbw.org.pl\/index.php?rest_route=\/wp\/v2\/media\/917"}],"wp:attachment":[{"href":"https:\/\/www.sbw.org.pl\/index.php?rest_route=%2Fwp%2Fv2%2Fmedia&parent=916"}],"wp:term":[{"taxonomy":"category","embeddable":true,"href":"https:\/\/www.sbw.org.pl\/index.php?rest_route=%2Fwp%2Fv2%2Fcategories&post=916"},{"taxonomy":"post_tag","embeddable":true,"href":"https:\/\/www.sbw.org.pl\/index.php?rest_route=%2Fwp%2Fv2%2Ftags&post=916"}],"curies":[{"name":"wp","href":"https:\/\/api.w.org\/{rel}","templated":true}]}}