{"id":601,"date":"2023-06-15T20:18:00","date_gmt":"2023-06-15T20:18:00","guid":{"rendered":"https:\/\/www.sbw.org.pl\/?p=601"},"modified":"2023-11-15T21:12:55","modified_gmt":"2023-11-15T21:12:55","slug":"sbw-na-budowlanej-marce-roku","status":"publish","type":"post","link":"https:\/\/www.sbw.org.pl\/?p=601","title":{"rendered":"SBW na Budowlanej Marce Roku"},"content":{"rendered":"<p>[et_pb_section fb_built=&#8221;1&#8243; _builder_version=&#8221;4.17.0&#8243; _module_preset=&#8221;default&#8221; global_colors_info=&#8221;{}&#8221;][et_pb_row _builder_version=&#8221;4.17.0&#8243; _module_preset=&#8221;default&#8221; global_colors_info=&#8221;{}&#8221;][et_pb_column type=&#8221;4_4&#8243; _builder_version=&#8221;4.17.0&#8243; _module_preset=&#8221;default&#8221; global_colors_info=&#8221;{}&#8221;][et_pb_text _builder_version=&#8221;4.17.0&#8243; _module_preset=&#8221;default&#8221; global_colors_info=&#8221;{}&#8221;]<\/p>\n<p>W imieniu Stowarzyszenia Bran\u017cy Wyko\u0144czeniowej dzi\u0119kuj\u0119 za mo\u017cliwo\u015b\u0107 udzia\u0142u w tak presti\u017cowym wydarzeniu, jakim jest ranking Budowlana Marka Roku, organizowanym przez ASM Research Solutions Strategy. <a href=\"https:\/\/asmresearch.pl\/\">https:\/\/asmresearch.pl\/<\/a><\/p>\n<p>&nbsp;<\/p>\n<p>Ranking Budowlana Marka Roku jest to jedyne takie przedsi\u0119wzi\u0119cie badawcze w Polsce, kt\u00f3re pozwala wy\u0142ania\u0107 marki materia\u0142\u00f3w budowlanych, ciesz\u0105ce si\u0119 najwi\u0119kszym zaufaniem fachowc\u00f3w.<\/p>\n<p>&nbsp;<\/p>\n<p>Udzia\u0142 w tym rankingu jako partner bran\u017cowy jest dla nas ogromnym wyr\u00f3\u017cnieniem. Nasze dzia\u0142ania edukacyjne s\u0105 skierowane do wykonawc\u00f3w bran\u017cy wyko\u0144czeniowej, wi\u0119c mo\u017cemy bezpo\u015brednio obserwowa\u0107 wp\u0142yw jako\u015bci produkt\u00f3w na decyzje wybor\u00f3w dokonywanych przez fachowc\u00f3w.<\/p>\n<p>&nbsp;<\/p>\n<p>Raz jeszcze w imieniu swoim i stowarzyszenia SBW gratuluj\u0119 wygranym.<\/p>\n<p>[\/et_pb_text][\/et_pb_column][\/et_pb_row][\/et_pb_section][et_pb_section fb_built=&#8221;1&#8243; _builder_version=&#8221;4.17.0&#8243; _module_preset=&#8221;default&#8221; global_colors_info=&#8221;{}&#8221;][et_pb_row _builder_version=&#8221;4.17.0&#8243; _module_preset=&#8221;default&#8221; global_colors_info=&#8221;{}&#8221;][et_pb_column type=&#8221;4_4&#8243; _builder_version=&#8221;4.17.0&#8243; _module_preset=&#8221;default&#8221; global_colors_info=&#8221;{}&#8221;][et_pb_gallery gallery_ids=&#8221;604,605,645&#8243; show_title_and_caption=&#8221;off&#8221; show_pagination=&#8221;off&#8221; _builder_version=&#8221;4.17.0&#8243; _module_preset=&#8221;default&#8221; hover_enabled=&#8221;0&#8243; global_colors_info=&#8221;{}&#8221; sticky_enabled=&#8221;0&#8243;][\/et_pb_gallery][\/et_pb_column][\/et_pb_row][\/et_pb_section]<\/p>\n","protected":false},"excerpt":{"rendered":"<p>W imieniu Stowarzyszenia Bran\u017cy Wyko\u0144czeniowej dzi\u0119kuj\u0119 za mo\u017cliwo\u015b\u0107 udzia\u0142u w tak presti\u017cowym wydarzeniu, jakim jest ranking Budowlana Marka Roku, organizowanym przez ASM Research Solutions Strategy. https:\/\/asmresearch.pl\/ &nbsp; Ranking Budowlana Marka Roku jest to jedyne takie przedsi\u0119wzi\u0119cie badawcze w Polsce, kt\u00f3re pozwala wy\u0142ania\u0107 marki materia\u0142\u00f3w budowlanych, ciesz\u0105ce si\u0119 najwi\u0119kszym zaufaniem fachowc\u00f3w. &nbsp; Udzia\u0142 w tym rankingu [&hellip;]<\/p>\n","protected":false},"author":1,"featured_media":643,"comment_status":"closed","ping_status":"closed","sticky":false,"template":"","format":"standard","meta":{"_et_pb_use_builder":"on","_et_pb_old_content":"","_et_gb_content_width":"1080","footnotes":""},"categories":[14],"tags":[],"class_list":["post-601","post","type-post","status-publish","format-standard","has-post-thumbnail","hentry","category-aktualnosci"],"_links":{"self":[{"href":"https:\/\/www.sbw.org.pl\/index.php?rest_route=\/wp\/v2\/posts\/601","targetHints":{"allow":["GET"]}}],"collection":[{"href":"https:\/\/www.sbw.org.pl\/index.php?rest_route=\/wp\/v2\/posts"}],"about":[{"href":"https:\/\/www.sbw.org.pl\/index.php?rest_route=\/wp\/v2\/types\/post"}],"author":[{"embeddable":true,"href":"https:\/\/www.sbw.org.pl\/index.php?rest_route=\/wp\/v2\/users\/1"}],"replies":[{"embeddable":true,"href":"https:\/\/www.sbw.org.pl\/index.php?rest_route=%2Fwp%2Fv2%2Fcomments&post=601"}],"version-history":[{"count":4,"href":"https:\/\/www.sbw.org.pl\/index.php?rest_route=\/wp\/v2\/posts\/601\/revisions"}],"predecessor-version":[{"id":646,"href":"https:\/\/www.sbw.org.pl\/index.php?rest_route=\/wp\/v2\/posts\/601\/revisions\/646"}],"wp:featuredmedia":[{"embeddable":true,"href":"https:\/\/www.sbw.org.pl\/index.php?rest_route=\/wp\/v2\/media\/643"}],"wp:attachment":[{"href":"https:\/\/www.sbw.org.pl\/index.php?rest_route=%2Fwp%2Fv2%2Fmedia&parent=601"}],"wp:term":[{"taxonomy":"category","embeddable":true,"href":"https:\/\/www.sbw.org.pl\/index.php?rest_route=%2Fwp%2Fv2%2Fcategories&post=601"},{"taxonomy":"post_tag","embeddable":true,"href":"https:\/\/www.sbw.org.pl\/index.php?rest_route=%2Fwp%2Fv2%2Ftags&post=601"}],"curies":[{"name":"wp","href":"https:\/\/api.w.org\/{rel}","templated":true}]}}