{"id":1266,"date":"2026-01-26T18:49:51","date_gmt":"2026-01-26T18:49:51","guid":{"rendered":"https:\/\/www.sbw.org.pl\/?p=1266"},"modified":"2026-01-26T18:49:51","modified_gmt":"2026-01-26T18:49:51","slug":"spotkajmy-sie-na-budmie-2026","status":"publish","type":"post","link":"https:\/\/www.sbw.org.pl\/?p=1266","title":{"rendered":"Spotkajmy si\u0119 na BUDMIE 2026"},"content":{"rendered":"<p>[et_pb_section fb_built=&#8221;1&#8243; _builder_version=&#8221;4.17.0&#8243; _module_preset=&#8221;default&#8221; hover_enabled=&#8221;0&#8243; global_colors_info=&#8221;{}&#8221; theme_builder_area=&#8221;post_content&#8221; sticky_enabled=&#8221;0&#8243;][et_pb_row _builder_version=&#8221;4.17.0&#8243; _module_preset=&#8221;default&#8221; global_colors_info=&#8221;{}&#8221; theme_builder_area=&#8221;post_content&#8221;][et_pb_column type=&#8221;4_4&#8243; _builder_version=&#8221;4.17.0&#8243; _module_preset=&#8221;default&#8221; global_colors_info=&#8221;{}&#8221; theme_builder_area=&#8221;post_content&#8221;][et_pb_text _builder_version=&#8221;4.27.0&#8243; _module_preset=&#8221;default&#8221; hover_enabled=&#8221;0&#8243; global_colors_info=&#8221;{}&#8221; theme_builder_area=&#8221;post_content&#8221; sticky_enabled=&#8221;0&#8243;]<\/p>\n<div class=\"xdj266r x11i5rnm xat24cr x1mh8g0r x1vvkbs x126k92a\">\n<div dir=\"auto\"><span style=\"font-size: 14px;\"><\/span><\/div>\n<div dir=\"auto\">\n<p><strong>BUDMA 2026 \u2013 biznes i wiedza<\/strong><br \/>Wystawcy z ca\u0142ego \u015bwiata, zwiedzaj\u0105cy z Polski i zagranicy, eksperci z bran\u017cy architektury i specjali\u015bci z budownictwa. Biznes i do\u015bwiadczenie w jednym miejscu \u2013 to b\u0119dzie zupe\u0142nie nowa edycja Mi\u0119dzynarodowych Targ\u00f3w Budownictwa i Architektury BUDMA. Ju\u017c na pocz\u0105tku lutego, Pozna\u0144 stanie si\u0119 centrum innowacji i kontakt\u00f3w biznesowych. W programie wydarzenia m.in. prelekcje, konferencje i wyk\u0142ady, kt\u00f3re odpowiadaj\u0105 na najpilniejsze wyzwania rynku \u2013 od technologii prefabrykacji po bezpiecze\u0144stwo po\u017carowe i nowoczesne projektowanie.<\/p>\n<p><strong>Dlaczego warto by\u0107 na targach BUDMA 2026<\/strong><br \/>BUDMA 2026 to nie tylko ekspozycja nowo\u015bci bran\u017cowych, ale r\u00f3wnie\u017c realne narz\u0119dzie rozwoju \u2013 od spotka\u0144 z partnerami i klientami, przez prezentacje live rozwi\u0105za\u0144 technicznych, a\u017c po specjalistyczne konferencje i panele dyskusyjne. Przedstawiciele firm, wykonawcy, architekci, inwestorzy oraz eksperci znajd\u0105 tu kompleksowe informacje o trendach, technologiach i kierunkach rozwoju bran\u017cy budowlanej. Program targ\u00f3w obejmujeliczne sesje i konferencje, kt\u00f3re s\u0105 odpowiedzi\u0105 na aktualne tematy w budownictwie i architekturze, m.in.:<\/p>\n<p>Schrontech+ \u2013 wyk\u0142ady czo\u0142owych polskich specjalist\u00f3w z zakresu budownictwa ochronnego i ekspozycje zaproszonych firm. G\u0142\u00f3wne tematy konferencji to kwestie<br \/>wymaga\u0144 technicznych dla budownictwa ochronnego, takie jak m.in. analizy numeryczne z wykorzystaniem dost\u0119pnych system\u00f3w obliczeniowych, wymagania projektowe dla obiekt\u00f3w nowoprojektowanych czy wymagania funkcjonalne dla budowli ochronnych. Wydarzenie skierowane jest do projektant\u00f3w, inwestor\u00f3w i wykonawc\u00f3w na temat wymaga\u0144 technicznych dla budownictwa ochronnego. Jego organizatorami s\u0105 Stowarzyszenie<br \/>Instytutu Budownictwa Ochronnego oraz Grupa MTP.<\/p>\n<p>Strefa Fachowca SBW &#8211; mocna strona targ\u00f3w w postaci pokaz\u00f3w, kt\u00f3re na sta\u0142e wpisa\u0142y si\u0119 w program wydarze\u0144. W pawilonie 8 na zwiedzaj\u0105cych czeka\u0107 b\u0119d\u0105 2 strefy praktyczne, gdzie b\u0119dzie mo\u017cna samodzielnie rozwia\u0107 r\u00f3\u017cne techniczne i nurtuj\u0105ce zagadki. Nie zabraknie tak\u017ce niespodzianek w postaci oryginalnych gift\u00f3w i zabawy &#8222;\u015acie\u017cka Kariery&#8221; z nagrodami.\u00a0<\/p>\n<p>Geodezja dla budownictwa \u2013 wydarzenie przybli\u017caj\u0105ce rozwi\u0105zania technologiczne i ich wdro\u017cenia, podzielone na dwie sesje: Proces budowlany oraz Diagnostyka i monitoring. Wsp\u00f3\u0142organizatorem jest Stowarzyszenie Geodet\u00f3w Polskich.<\/p>\n<p>Proeksportowe Forum Stolarki WIN_DOOR POLAND \u2013 to wydarzenie dla w\u0142a\u015bcicieli, dyrektor\u00f3w i lider\u00f3w firm, kt\u00f3rzy chc\u0105 budowa\u0107 ekspansj\u0119 nie intuicyjnie, lecz strategicznie, kompetentnie i d\u0142ugofalowo. Uczestnictwo w WIN_DOOR POLAND to inwestycja w zmniejszenie ryzyka i przyspieszenie wzrostu.<\/p>\n<p>V Konferencja Naukowo-Techniczna \u201eBezpiecze\u0144stwo Po\u017carowe Obiekt\u00f3w Budowlanych\u201d, podczas kt\u00f3rej zaprezentowane zostan\u0105 referaty dotycz\u0105ce aktualnie<br \/>procedowanych zmian w warunkach technicznych budynk\u00f3w, a tak\u017ce problematyka zwi\u0105zana z projektowaniem, wznoszeniem i odbiorami budowli ochronnych.<\/p>\n<p>XVIII Dzie\u0144 Urbanisty \u201ePOGubieni? Szukaj\u0105c sensu w nowym planowaniu\u201d \u2013 spotkanie urbanist\u00f3w i projektant\u00f3w dotycz\u0105ce reformy planowania przestrzennego i rodz\u0105cych si\u0119 pyta\u0144 i w\u0105tpliwo\u015bci co do istoty planowania \u2013 troski o \u0142ad przestrzenny i jako\u015b\u0107 \u017cycia.<\/p>\n<p>Forum designu i architektury &#8211; inwestycja w estetyk\u0119. Jednym z go\u015bci specjalnych Forum D&amp;A b\u0119dzie Maciej Jakub Zawadzki \u2014 architekt i urbanista, za\u0142o\u017cyciel MJZ oraz think-tanku LURE \u2013 Laboratory for Urban Research &amp; Education.<\/p>\n<p>Lighting Design Event \u2013 dwudniowy event, w przestrzeni salonu tematycznego INTERIOR DESIGN, dotycz\u0105cy o\u015bwietlenia we wn\u0119trzu. Podczas wydarzenia wyst\u0105pienia prelegent\u00f3w i mo\u017cliwo\u015b\u0107 spotka\u0144 z ekspertami. Wsp\u00f3\u0142organizatorem eventu jest ATRIA Sztuka \u015awiat\u0142a, w\u015br\u00f3d go\u015bci pojawi si\u0119 m.in.: Jacek Zart \u2013 Stowarzyszenie KNX, od wielu lat zwi\u0105zany z projektowaniem i realizacj\u0105 system\u00f3w inteligentnych budynk\u00f3w. Jest jedn\u0105 z pierwszych os\u00f3b w Polsce, kt\u00f3ra zaj\u0119\u0142a si\u0119 t\u0105 dziedzin\u0105.<\/p>\n<p>Dodatkowo w programie przewidziano prelekcje o zastosowaniu kamienia w architekturze prowadzone przez ekspert\u00f3w z Marmomac, w przestrzeni Targ\u00f3w STONE i na scenie ARCHI-STRADY. Nie zabraknie r\u00f3wnie\u017c ciekawych wystaw, m.in.: Wystawy prac konkursowych \u201eSzkice Architektoniczne. Pi\u0119kno w architekturze.<br \/>Od pomys\u0142u do przestrzeni\u201d. Wystawy prac konkursowych \u201eStudenckiego konkursu architektonicznego na projekt koncepcyjny dw\u00f3ch kamienic na pozna\u0144skich Je\u017cycach\u201d Nadchodz\u0105ce targi wzmacniaj\u0105 swoje znaczenie jako mi\u0119dzynarodowa platforma biznesowa: program Hosted Buyers wspiera mo\u017cliwo\u015b\u0107 ekspansji polskich firm na inne rynki oraz globalny networking.<\/p>\n<p>Mi\u0119dzynarodowe Targi Budownictwa i Architektury odb\u0119d\u0105 si\u0119 w dniach 3-6 lutego 2026. Od lat stanowi\u0105 obowi\u0105zkow\u0105 pozycj\u0119 w kalendarzu najwa\u017cniejszych spotka\u0144 bran\u017cy budowlanej &#8211; nie tylko w Polsce, ale tak\u017ce w Europie. Ka\u017cdego roku gromadz\u0105 one profesjonalist\u00f3w z kilkudziesi\u0119ciu kraj\u00f3w, w tym reprezentant\u00f3w handlu, fachowc\u00f3w, architekt\u00f3w i inwestor\u00f3w. Targom towarzyszy\u0107 b\u0119d\u0105: Mi\u0119dzynarodowe Targi Maszyn Budowlanych, Pojazd\u00f3w i Sprz\u0119tu Specjalistycznego INTERMASZ, Rozwi\u0105zania dla Budownictwa Infrastrukturalnego INFRATEC oraz Targi Bran\u017cy Kamieniarskiej STONE.<br \/>Dowiedz si\u0119 wi\u0119cej i wejd\u017a na stron\u0119:<\/p>\n<p><a href=\"http:\/\/www.budma.pl\">www.budma.pl<\/a>\u00a0 \u00a0<\/p>\n<p><a href=\"http:\/\/www.interior.budma.pl\">www.interior.budma.pl<\/a><\/p>\n<p><a href=\"http:\/\/www.archi-strada.pl\">www.archi-strada.pl<\/a><\/p>\n<p>&nbsp;<\/p>\n<p>&nbsp;<\/p>\n<p>&nbsp;<\/p>\n<p>&nbsp;<\/p>\n<p>&nbsp;<\/p>\n<p>&nbsp;<\/p>\n<p>&nbsp;<\/p>\n<p>&nbsp;<\/p>\n<p>&nbsp;<\/p>\n<\/div>\n<\/div>\n<div class=\"x11i5rnm xat24cr x1mh8g0r x1vvkbs xtlvy1s x126k92a\">\n<div dir=\"auto\">\n<div class=\"xdj266r x14z9mp xat24cr x1lziwak x1vvkbs x126k92a\"><\/div>\n<div class=\"x14z9mp xat24cr x1lziwak x1vvkbs xtlvy1s x126k92a\">\n<div dir=\"auto\">\n<div class=\"xdj266r x14z9mp xat24cr x1lziwak x1vvkbs x126k92a\"><\/div>\n<div class=\"x14z9mp xat24cr x1lziwak x1vvkbs xtlvy1s x126k92a\">\n<div dir=\"auto\"><\/div>\n<div dir=\"auto\"><\/div>\n<\/div>\n<\/div>\n<\/div>\n<\/div>\n<\/div>\n<p>[\/et_pb_text][\/et_pb_column][\/et_pb_row][\/et_pb_section]<\/p>\n","protected":false},"excerpt":{"rendered":"<p>BUDMA 2026 \u2013 biznes i wiedzaWystawcy z ca\u0142ego \u015bwiata, zwiedzaj\u0105cy z Polski i zagranicy, eksperci z bran\u017cy architektury i specjali\u015bci z budownictwa. Biznes i do\u015bwiadczenie w jednym miejscu \u2013 to b\u0119dzie zupe\u0142nie nowa edycja Mi\u0119dzynarodowych Targ\u00f3w Budownictwa i Architektury BUDMA. Ju\u017c na pocz\u0105tku lutego, Pozna\u0144 stanie si\u0119 centrum innowacji i kontakt\u00f3w biznesowych. W programie wydarzenia [&hellip;]<\/p>\n","protected":false},"author":2,"featured_media":1267,"comment_status":"open","ping_status":"open","sticky":false,"template":"","format":"standard","meta":{"_et_pb_use_builder":"on","_et_pb_old_content":"","_et_gb_content_width":"1080","footnotes":""},"categories":[14],"tags":[],"class_list":["post-1266","post","type-post","status-publish","format-standard","has-post-thumbnail","hentry","category-aktualnosci"],"_links":{"self":[{"href":"https:\/\/www.sbw.org.pl\/index.php?rest_route=\/wp\/v2\/posts\/1266","targetHints":{"allow":["GET"]}}],"collection":[{"href":"https:\/\/www.sbw.org.pl\/index.php?rest_route=\/wp\/v2\/posts"}],"about":[{"href":"https:\/\/www.sbw.org.pl\/index.php?rest_route=\/wp\/v2\/types\/post"}],"author":[{"embeddable":true,"href":"https:\/\/www.sbw.org.pl\/index.php?rest_route=\/wp\/v2\/users\/2"}],"replies":[{"embeddable":true,"href":"https:\/\/www.sbw.org.pl\/index.php?rest_route=%2Fwp%2Fv2%2Fcomments&post=1266"}],"version-history":[{"count":2,"href":"https:\/\/www.sbw.org.pl\/index.php?rest_route=\/wp\/v2\/posts\/1266\/revisions"}],"predecessor-version":[{"id":1270,"href":"https:\/\/www.sbw.org.pl\/index.php?rest_route=\/wp\/v2\/posts\/1266\/revisions\/1270"}],"wp:featuredmedia":[{"embeddable":true,"href":"https:\/\/www.sbw.org.pl\/index.php?rest_route=\/wp\/v2\/media\/1267"}],"wp:attachment":[{"href":"https:\/\/www.sbw.org.pl\/index.php?rest_route=%2Fwp%2Fv2%2Fmedia&parent=1266"}],"wp:term":[{"taxonomy":"category","embeddable":true,"href":"https:\/\/www.sbw.org.pl\/index.php?rest_route=%2Fwp%2Fv2%2Fcategories&post=1266"},{"taxonomy":"post_tag","embeddable":true,"href":"https:\/\/www.sbw.org.pl\/index.php?rest_route=%2Fwp%2Fv2%2Ftags&post=1266"}],"curies":[{"name":"wp","href":"https:\/\/api.w.org\/{rel}","templated":true}]}}