{"id":1222,"date":"2025-10-06T18:46:59","date_gmt":"2025-10-06T18:46:59","guid":{"rendered":"https:\/\/www.sbw.org.pl\/?p=1222"},"modified":"2025-10-06T18:47:00","modified_gmt":"2025-10-06T18:47:00","slug":"budma-2026-budownictwo-przyszlosci-w-centrum-uwagi","status":"publish","type":"post","link":"https:\/\/www.sbw.org.pl\/?p=1222","title":{"rendered":"BUDMA 2026 \u2013 budownictwo przysz\u0142o\u015bci w centrum uwagi."},"content":{"rendered":"<p>[et_pb_section fb_built=&#8221;1&#8243; _builder_version=&#8221;4.17.0&#8243; _module_preset=&#8221;default&#8221; global_colors_info=&#8221;{}&#8221; theme_builder_area=&#8221;post_content&#8221;][et_pb_row _builder_version=&#8221;4.17.0&#8243; _module_preset=&#8221;default&#8221; global_colors_info=&#8221;{}&#8221; theme_builder_area=&#8221;post_content&#8221;][et_pb_column type=&#8221;4_4&#8243; _builder_version=&#8221;4.17.0&#8243; _module_preset=&#8221;default&#8221; global_colors_info=&#8221;{}&#8221; theme_builder_area=&#8221;post_content&#8221;][et_pb_text _builder_version=&#8221;4.27.0&#8243; _module_preset=&#8221;default&#8221; hover_enabled=&#8221;0&#8243; global_colors_info=&#8221;{}&#8221; theme_builder_area=&#8221;post_content&#8221; sticky_enabled=&#8221;0&#8243;]<\/p>\n<div class=\"xdj266r x11i5rnm xat24cr x1mh8g0r x1vvkbs x126k92a\">\n<div dir=\"auto\"><span style=\"font-size: 14px;\"><\/span><\/div>\n<div dir=\"auto\"><span style=\"font-size: 14px;\"><\/span><\/div>\n<\/div>\n<div class=\"x11i5rnm xat24cr x1mh8g0r x1vvkbs xtlvy1s x126k92a\">\n<div dir=\"auto\">\n<div class=\"xdj266r x14z9mp xat24cr x1lziwak x1vvkbs x126k92a\"><\/div>\n<div class=\"x14z9mp xat24cr x1lziwak x1vvkbs xtlvy1s x126k92a\">\n<div dir=\"auto\">\n<div class=\"xdj266r x14z9mp xat24cr x1lziwak x1vvkbs x126k92a\"><\/div>\n<div class=\"x14z9mp xat24cr x1lziwak x1vvkbs xtlvy1s x126k92a\">\n<div dir=\"auto\">\n<p><strong><u>Dlaczego warto? <\/u><\/strong>W jednej lokalizacji spotkaj\u0105 si\u0119 architekci, designerzy, a tak\u017ce specjali\u015bci z bran\u017cy stolarki budowlanej, eksperci zajmuj\u0105cy si\u0119 budownictwem modu\u0142owym i prefabrykacj\u0105.<\/p>\n<p><strong><u>Targi BUDMA to:<\/u><\/strong><\/p>\n<p><strong>&#8211; szansa na mi\u0119dzynarodowe kontakty<\/strong><\/p>\n<p><strong>&#8211; mo\u017cliwo\u015b\u0107 rozwoju biznesu<\/strong><\/p>\n<p><strong>&#8211; okazja do pozyskania warto\u015bciowych klient\u00f3w<\/strong><\/p>\n<p><strong>&#8211; inspiracja dla designer\u00f3w i architekt\u00f3w<\/strong><\/p>\n<p>W ramach <strong>12 salon\u00f3w tematycznych<\/strong> na terenie Mi\u0119dzynarodowych Targ\u00f3w Pozna\u0144skich powstan\u0105 przestrzenie, kt\u00f3re po\u0142\u0105cz\u0105 wystawc\u00f3w ze zwiedzaj\u0105cymi zwi\u0105zanymi z danym sektorem budowlanym.<\/p>\n<p><em>\u201eKa\u017cdy salon, to osobna przestrze\u0144 z dedykowanym programem merytorycznym, wystawcami i pokazami, co sprawia, \u017ce BUDMA staje si\u0119 platform\u0105 do konkretnych rozm\u00f3w, premier produktowych i realnych kontrakt\u00f3w biznesowych.\u2019\u2019 \u2013 M\u00f3wi Marta Szyd\u0142owska, dyrektor Targ\u00f3w BUDMA.<\/em><\/p>\n<p>Salony tematyczne to odpowied\u017a na coraz bardziej sprecyzowane oczekiwania i dzia\u0142ania poszczeg\u00f3lnych sektor\u00f3w z bran\u017cy budowlanej. W\u015br\u00f3d prezentowanych salon\u00f3w tematycznych znajd\u0105 si\u0119 m.in.: \u00a0<\/p>\n<p><strong>WIN_DOOR POLAND \u2013 Proeksportowy Salon Stolarki Budowlanej &#8211; <\/strong>Przestrze\u0144 wspieraj\u0105ca ekspansj\u0119 i promocj\u0119 polskiej stolarki budowlanej w Europie. W programie znajd\u0105 si\u0119 inspiruj\u0105ce panele i dyskusje o innowacjach, sztucznej inteligencji, automatyzacji, bezpiecze\u0144stwie oraz o szansach, jakie stoj\u0105 przed bran\u017c\u0105 w najbli\u017cszych miesi\u0105cach i latach. Salon realizowany jest we wsp\u00f3\u0142pracy z partnerem strategicznym \u2013 POID, Zwi\u0105zkiem Polskie Okna i Drzwi.<\/p>\n<p><strong>PREFTEC \u2013 Centrum Nowoczesnej Prefabrykacji &#8211; <\/strong>Prefabrykacja drewniana, stalowa i betonowa \u2013 czyli niezb\u0119dny element uniwersalnego budownictwa przysz\u0142o\u015bci w jednym miejscu. PREFTEC odpowiada na wyzwania wsp\u00f3\u0142czesnego budownictwa: energooszcz\u0119dno\u015b\u0107, czas realizacji i zr\u00f3wnowa\u017cony rozw\u00f3j. Organizatorami salonu s\u0105 Stowarzyszenie Energooszcz\u0119dne Domy Gotowe (SEDG) oraz Grupa MTP.<\/p>\n<p><strong>INTERIOR DESIGN \u2013 Przestrze\u0144 dedykowana wn\u0119trzom &#8211; <\/strong>Profesjonalna przestrze\u0144 networkingowa dla projektant\u00f3w, architekt\u00f3w i specjalist\u00f3w zwi\u0105zanych z aran\u017cacj\u0105 wn\u0119trz, wzbogacona o program merytoryczny, szkolenia i prezentacje innowacyjnych rozwi\u0105za\u0144 rynkowych. Premierowa edycja skoncentruje si\u0119 m.in. na projektowaniu przestrzeni HoReCa i biurowych, a tak\u017ce na renowacji i rewitalizacji wn\u0119trz. Szczeg\u00f3lne miejsce zajmie neuroarchitektura \u2013 \u0142\u0105cz\u0105ca wiedz\u0119 z architektury, neurobiologii i psychologii. Uczestnicy b\u0119d\u0105 mieli mo\u017cliwo\u015b\u0107 wzi\u0119cia udzia\u0142u w premierowy wydarzeniu: Lighting Design EVENT \u201eProjektowanie \u015awiat\u0142a LightON7 w Architekturze Wn\u0119trz\u201d. Partnerem bran\u017cowym salonu jest Atria \u2013 Sztuka \u015awiat\u0142a.<\/p>\n<p>Rang\u0119 wydarzenia, jakim jest BUDMA podkre\u015bla partnerstwo strategiczne, bran\u017cowe czy honorowe, takich instytucji jak m.in.:<\/p>\n<p><strong>Ministerstwo \u015arodowiska i Klimatu, <\/strong><\/p>\n<p><strong>Pa\u0144stwowa Inspekcja Pracy, <\/strong><\/p>\n<p><strong>Zwi\u0105zek Polskie Okna i Drzwi, <\/strong><\/p>\n<p><strong>Polska Izba Konstrukcji Stalowych, <\/strong><\/p>\n<p><strong>Polska Agencja Rozwoju Przedsi\u0119biorczo\u015bci, <\/strong><\/p>\n<p><strong>Izba Architekt\u00f3w Rzeczpospolitej Polskiej,<\/strong><\/p>\n<p><strong>Narodowa Agencja Poszanowania Energii, a tak\u017ce Stowarzyszenie Architekt\u00f3w Polskich<\/strong><\/div>\n<div dir=\"auto\"><strong><\/strong><\/div>\n<div dir=\"auto\"><strong>Stowarzyszenie Bran\u017cy Wyko\u0144czeniowej\u00a0<\/strong><\/div>\n<\/div>\n<\/div>\n<\/div>\n<\/div>\n<\/div>\n<p>[\/et_pb_text][\/et_pb_column][\/et_pb_row][\/et_pb_section]<\/p>\n","protected":false},"excerpt":{"rendered":"<p>Dlaczego warto? W jednej lokalizacji spotkaj\u0105 si\u0119 architekci, designerzy, a tak\u017ce specjali\u015bci z bran\u017cy stolarki budowlanej, eksperci zajmuj\u0105cy si\u0119 budownictwem modu\u0142owym i prefabrykacj\u0105. Targi BUDMA to: &#8211; szansa na mi\u0119dzynarodowe kontakty &#8211; mo\u017cliwo\u015b\u0107 rozwoju biznesu &#8211; okazja do pozyskania warto\u015bciowych klient\u00f3w &#8211; inspiracja dla designer\u00f3w i architekt\u00f3w W ramach 12 salon\u00f3w tematycznych na terenie Mi\u0119dzynarodowych [&hellip;]<\/p>\n","protected":false},"author":2,"featured_media":1225,"comment_status":"open","ping_status":"open","sticky":false,"template":"","format":"standard","meta":{"_et_pb_use_builder":"on","_et_pb_old_content":"","_et_gb_content_width":"1080","footnotes":""},"categories":[14],"tags":[],"class_list":["post-1222","post","type-post","status-publish","format-standard","has-post-thumbnail","hentry","category-aktualnosci"],"_links":{"self":[{"href":"https:\/\/www.sbw.org.pl\/index.php?rest_route=\/wp\/v2\/posts\/1222","targetHints":{"allow":["GET"]}}],"collection":[{"href":"https:\/\/www.sbw.org.pl\/index.php?rest_route=\/wp\/v2\/posts"}],"about":[{"href":"https:\/\/www.sbw.org.pl\/index.php?rest_route=\/wp\/v2\/types\/post"}],"author":[{"embeddable":true,"href":"https:\/\/www.sbw.org.pl\/index.php?rest_route=\/wp\/v2\/users\/2"}],"replies":[{"embeddable":true,"href":"https:\/\/www.sbw.org.pl\/index.php?rest_route=%2Fwp%2Fv2%2Fcomments&post=1222"}],"version-history":[{"count":2,"href":"https:\/\/www.sbw.org.pl\/index.php?rest_route=\/wp\/v2\/posts\/1222\/revisions"}],"predecessor-version":[{"id":1227,"href":"https:\/\/www.sbw.org.pl\/index.php?rest_route=\/wp\/v2\/posts\/1222\/revisions\/1227"}],"wp:featuredmedia":[{"embeddable":true,"href":"https:\/\/www.sbw.org.pl\/index.php?rest_route=\/wp\/v2\/media\/1225"}],"wp:attachment":[{"href":"https:\/\/www.sbw.org.pl\/index.php?rest_route=%2Fwp%2Fv2%2Fmedia&parent=1222"}],"wp:term":[{"taxonomy":"category","embeddable":true,"href":"https:\/\/www.sbw.org.pl\/index.php?rest_route=%2Fwp%2Fv2%2Fcategories&post=1222"},{"taxonomy":"post_tag","embeddable":true,"href":"https:\/\/www.sbw.org.pl\/index.php?rest_route=%2Fwp%2Fv2%2Ftags&post=1222"}],"curies":[{"name":"wp","href":"https:\/\/api.w.org\/{rel}","templated":true}]}}